{"id":15708,"date":"2021-06-21T13:56:05","date_gmt":"2021-06-21T13:56:05","guid":{"rendered":"https:\/\/piandiboit.it\/?p=15708"},"modified":"2021-06-21T14:18:43","modified_gmt":"2021-06-21T14:18:43","slug":"memoria-delle-alpi-il-sentiero-chiovini","status":"publish","type":"post","link":"https:\/\/piandiboit.it\/index.php\/2021\/06\/21\/memoria-delle-alpi-il-sentiero-chiovini\/","title":{"rendered":"Memoria delle Alpi: il Sentiero Chiovini"},"content":{"rendered":"\n<p>23\u00b0 edizione del trekking che ripercorre i sentieri utilizzati dai partigiani per sfuggire al rastrellamento della Val Grande nel giugno del 1944. <\/p>\n\n\n\n<figure class=\"wp-block-image size-large\"><img loading=\"lazy\" width=\"1024\" height=\"768\" src=\"https:\/\/piandiboit.it\/wp-content\/uploads\/2021\/06\/9-rovegro-commemorazione-1024x768.jpg\" alt=\"\" class=\"wp-image-15711\" srcset=\"https:\/\/piandiboit.it\/wp-content\/uploads\/2021\/06\/9-rovegro-commemorazione-1024x768.jpg 1024w, https:\/\/piandiboit.it\/wp-content\/uploads\/2021\/06\/9-rovegro-commemorazione-300x225.jpg 300w, https:\/\/piandiboit.it\/wp-content\/uploads\/2021\/06\/9-rovegro-commemorazione-768x576.jpg 768w, https:\/\/piandiboit.it\/wp-content\/uploads\/2021\/06\/9-rovegro-commemorazione-1536x1152.jpg 1536w, https:\/\/piandiboit.it\/wp-content\/uploads\/2021\/06\/9-rovegro-commemorazione-2048x1536.jpg 2048w, https:\/\/piandiboit.it\/wp-content\/uploads\/2021\/06\/9-rovegro-commemorazione-580x435.jpg 580w, https:\/\/piandiboit.it\/wp-content\/uploads\/2021\/06\/9-rovegro-commemorazione-860x645.jpg 860w, https:\/\/piandiboit.it\/wp-content\/uploads\/2021\/06\/9-rovegro-commemorazione-1160x870.jpg 1160w, https:\/\/piandiboit.it\/wp-content\/uploads\/2021\/06\/9-rovegro-commemorazione-1320x990.jpg 1320w\" sizes=\"(max-width: 1024px) 100vw, 1024px\" \/><figcaption>Un momento di commemorazione con A.N.P.I. Vco a Rovegro<\/figcaption><\/figure>\n\n\n\n<p>Nei giorni 11-12-13 giugno 2021 si \u00e8 svolto il Sentiero della Memoria dedicato alla Resistenza partigiana e a Nino Chiovini: partigiano, scrittore, storico e figura emblematica della Resistenza del Verbano.<\/p>\n\n\n\n<p>Il gruppo, guidato dalle Guide ufficiali del Parco Nazionale, ha percorso in tre giorni l&#8217;itinerario Finero &#8211; Bocchetta di Terza &#8211; Pian di Boit &#8211; Pogallo &#8211; Cicogna &#8211; Rovegro &#8211; Bieno &#8211; Fondotoce (Casa della Resistenza). <\/p>\n\n\n\n<figure class=\"wp-block-image size-large is-resized\"><img loading=\"lazy\" src=\"https:\/\/piandiboit.it\/wp-content\/uploads\/2021\/06\/3-foto-di-gruppo-a-bocchetta-di-terza-1024x768.jpg\" alt=\"\" class=\"wp-image-15712\" width=\"530\" height=\"398\" srcset=\"https:\/\/piandiboit.it\/wp-content\/uploads\/2021\/06\/3-foto-di-gruppo-a-bocchetta-di-terza-1024x768.jpg 1024w, https:\/\/piandiboit.it\/wp-content\/uploads\/2021\/06\/3-foto-di-gruppo-a-bocchetta-di-terza-300x225.jpg 300w, https:\/\/piandiboit.it\/wp-content\/uploads\/2021\/06\/3-foto-di-gruppo-a-bocchetta-di-terza-768x576.jpg 768w, https:\/\/piandiboit.it\/wp-content\/uploads\/2021\/06\/3-foto-di-gruppo-a-bocchetta-di-terza-1536x1152.jpg 1536w, https:\/\/piandiboit.it\/wp-content\/uploads\/2021\/06\/3-foto-di-gruppo-a-bocchetta-di-terza-2048x1536.jpg 2048w, https:\/\/piandiboit.it\/wp-content\/uploads\/2021\/06\/3-foto-di-gruppo-a-bocchetta-di-terza-580x435.jpg 580w, https:\/\/piandiboit.it\/wp-content\/uploads\/2021\/06\/3-foto-di-gruppo-a-bocchetta-di-terza-860x645.jpg 860w, https:\/\/piandiboit.it\/wp-content\/uploads\/2021\/06\/3-foto-di-gruppo-a-bocchetta-di-terza-1160x870.jpg 1160w, https:\/\/piandiboit.it\/wp-content\/uploads\/2021\/06\/3-foto-di-gruppo-a-bocchetta-di-terza-1320x990.jpg 1320w\" sizes=\"(max-width: 530px) 100vw, 530px\" \/><figcaption>Foto di gruppo ai 1.836 metri slm della Bocchetta di Terza, pronti per iniziare la discesa verso l&#8217;Alpe Pian di Boit<\/figcaption><\/figure>\n\n\n\n<p>L&#8217;Alpe Pian di Boit \u00e8 stato il primo posto tappa dove il gruppo ha pernottato, prima di discendere la valle verso Cicogna. E&#8217; stata l&#8217;occasione per godersi una piacevole serata in gruppo, stanchi ma felici di essere sui sentieri della Memoria e anche di ritrovarsi dopo questi periodi difficili.<\/p>\n\n\n\n<figure class=\"wp-block-image size-large\"><img loading=\"lazy\" width=\"768\" height=\"1024\" src=\"https:\/\/piandiboit.it\/wp-content\/uploads\/2021\/06\/6-pian-di-boit-1-768x1024.jpg\" alt=\"\" class=\"wp-image-15713\" srcset=\"https:\/\/piandiboit.it\/wp-content\/uploads\/2021\/06\/6-pian-di-boit-1-768x1024.jpg 768w, https:\/\/piandiboit.it\/wp-content\/uploads\/2021\/06\/6-pian-di-boit-1-225x300.jpg 225w, https:\/\/piandiboit.it\/wp-content\/uploads\/2021\/06\/6-pian-di-boit-1-1152x1536.jpg 1152w, https:\/\/piandiboit.it\/wp-content\/uploads\/2021\/06\/6-pian-di-boit-1-1536x2048.jpg 1536w, https:\/\/piandiboit.it\/wp-content\/uploads\/2021\/06\/6-pian-di-boit-1-580x773.jpg 580w, https:\/\/piandiboit.it\/wp-content\/uploads\/2021\/06\/6-pian-di-boit-1-860x1147.jpg 860w, https:\/\/piandiboit.it\/wp-content\/uploads\/2021\/06\/6-pian-di-boit-1-1160x1547.jpg 1160w, https:\/\/piandiboit.it\/wp-content\/uploads\/2021\/06\/6-pian-di-boit-1-1320x1760.jpg 1320w, https:\/\/piandiboit.it\/wp-content\/uploads\/2021\/06\/6-pian-di-boit-1-scaled.jpg 1920w\" sizes=\"(max-width: 768px) 100vw, 768px\" \/><figcaption>Momenti di relax a Pian di Boit, 11 giugno 2021<\/figcaption><\/figure>\n\n\n\n<p>La manifestazione del Sentiero Chiovini \u00e8 compresa nelle attivit\u00e0 legate al progetto Co.Lo.N.I.A., che prevede questa estate la ristrutturazione di una baita di propriet\u00e0 del Comune di Intragna, la quale diverr\u00e0 un rifugio prenotabile dagli escursionisti. <\/p>\n\n\n\n<figure class=\"wp-block-image size-large\"><img loading=\"lazy\" width=\"1024\" height=\"768\" src=\"https:\/\/piandiboit.it\/wp-content\/uploads\/2021\/06\/6-pian-di-boit-4-1024x768.jpg\" alt=\"\" class=\"wp-image-15714\" srcset=\"https:\/\/piandiboit.it\/wp-content\/uploads\/2021\/06\/6-pian-di-boit-4-1024x768.jpg 1024w, https:\/\/piandiboit.it\/wp-content\/uploads\/2021\/06\/6-pian-di-boit-4-300x225.jpg 300w, https:\/\/piandiboit.it\/wp-content\/uploads\/2021\/06\/6-pian-di-boit-4-768x576.jpg 768w, https:\/\/piandiboit.it\/wp-content\/uploads\/2021\/06\/6-pian-di-boit-4-1536x1152.jpg 1536w, https:\/\/piandiboit.it\/wp-content\/uploads\/2021\/06\/6-pian-di-boit-4-2048x1536.jpg 2048w, https:\/\/piandiboit.it\/wp-content\/uploads\/2021\/06\/6-pian-di-boit-4-580x435.jpg 580w, https:\/\/piandiboit.it\/wp-content\/uploads\/2021\/06\/6-pian-di-boit-4-860x645.jpg 860w, https:\/\/piandiboit.it\/wp-content\/uploads\/2021\/06\/6-pian-di-boit-4-1160x870.jpg 1160w, https:\/\/piandiboit.it\/wp-content\/uploads\/2021\/06\/6-pian-di-boit-4-1320x990.jpg 1320w\" sizes=\"(max-width: 1024px) 100vw, 1024px\" \/><figcaption>La baita pronta per essere ristrutturata \u00e8 quella in primo piano.<\/figcaption><\/figure>\n\n\n\n<p>Il gruppo riprende la marcia il mattino dopo, giungendo prima a Pogallo e poi al paese di Cicogna. Da qui il giorno seguente il percorso tocca i paesi di Rovegro, Bieno e Fondotoce, dove termina presso la Casa della Resistenza, luogo di Memoria per eccellenza, dove un gruppo di cittadini mantiene vivo il ricordo della Resistenza. <\/p>\n\n\n\n<figure class=\"wp-block-image size-large\"><img loading=\"lazy\" width=\"1024\" height=\"768\" src=\"https:\/\/piandiboit.it\/wp-content\/uploads\/2021\/06\/10-casa-della-resistenza-conclusione-1024x768.jpg\" alt=\"\" class=\"wp-image-15715\" srcset=\"https:\/\/piandiboit.it\/wp-content\/uploads\/2021\/06\/10-casa-della-resistenza-conclusione-1024x768.jpg 1024w, https:\/\/piandiboit.it\/wp-content\/uploads\/2021\/06\/10-casa-della-resistenza-conclusione-300x225.jpg 300w, https:\/\/piandiboit.it\/wp-content\/uploads\/2021\/06\/10-casa-della-resistenza-conclusione-768x576.jpg 768w, https:\/\/piandiboit.it\/wp-content\/uploads\/2021\/06\/10-casa-della-resistenza-conclusione-1536x1152.jpg 1536w, https:\/\/piandiboit.it\/wp-content\/uploads\/2021\/06\/10-casa-della-resistenza-conclusione-2048x1536.jpg 2048w, https:\/\/piandiboit.it\/wp-content\/uploads\/2021\/06\/10-casa-della-resistenza-conclusione-580x435.jpg 580w, https:\/\/piandiboit.it\/wp-content\/uploads\/2021\/06\/10-casa-della-resistenza-conclusione-860x645.jpg 860w, https:\/\/piandiboit.it\/wp-content\/uploads\/2021\/06\/10-casa-della-resistenza-conclusione-1160x870.jpg 1160w, https:\/\/piandiboit.it\/wp-content\/uploads\/2021\/06\/10-casa-della-resistenza-conclusione-1320x990.jpg 1320w\" sizes=\"(max-width: 1024px) 100vw, 1024px\" \/><figcaption>Il Sentiero Chiovini si conclude ascoltando le cronache dell&#8217;epoca nei racconti di Giorgio Danini della Casa della Resistenza.<\/figcaption><\/figure>\n\n\n\n<p>Un grazie di cuore a tutti i partecipanti, agli organizzatori, al parco&#8230; e ai partigiani e ai protagonisti della Storia delle nostre montagne. <\/p>\n\n\n\n<figure class=\"wp-block-image size-large\"><img loading=\"lazy\" width=\"724\" height=\"1024\" src=\"https:\/\/piandiboit.it\/wp-content\/uploads\/2021\/06\/locandina-sentiero-chiovini-2021-724x1024.jpg\" alt=\"\" class=\"wp-image-15720\" srcset=\"https:\/\/piandiboit.it\/wp-content\/uploads\/2021\/06\/locandina-sentiero-chiovini-2021-724x1024.jpg 724w, https:\/\/piandiboit.it\/wp-content\/uploads\/2021\/06\/locandina-sentiero-chiovini-2021-212x300.jpg 212w, https:\/\/piandiboit.it\/wp-content\/uploads\/2021\/06\/locandina-sentiero-chiovini-2021-768x1086.jpg 768w, https:\/\/piandiboit.it\/wp-content\/uploads\/2021\/06\/locandina-sentiero-chiovini-2021-1086x1536.jpg 1086w, https:\/\/piandiboit.it\/wp-content\/uploads\/2021\/06\/locandina-sentiero-chiovini-2021-580x821.jpg 580w, https:\/\/piandiboit.it\/wp-content\/uploads\/2021\/06\/locandina-sentiero-chiovini-2021-860x1217.jpg 860w, https:\/\/piandiboit.it\/wp-content\/uploads\/2021\/06\/locandina-sentiero-chiovini-2021.jpg 1131w\" sizes=\"(max-width: 724px) 100vw, 724px\" \/><figcaption>La locandina della manifestazione con i dettagli degli organizzatori e il programma della 23\u00b0 edizione<\/figcaption><\/figure>\n","protected":false},"excerpt":{"rendered":"<p>23\u00b0 edizione del trekking che ripercorre i sentieri utilizzati dai partigiani per sfuggire al rastrellamento della Val Grande nel giugno del 1944. Immagini dalla Val Pogallo.<\/p>\n","protected":false},"author":3,"featured_media":15709,"comment_status":"closed","ping_status":"open","sticky":true,"template":"","format":"standard","meta":[],"categories":[24,4],"tags":[33,34,36,35,32,31],"_links":{"self":[{"href":"https:\/\/piandiboit.it\/index.php\/wp-json\/wp\/v2\/posts\/15708"}],"collection":[{"href":"https:\/\/piandiboit.it\/index.php\/wp-json\/wp\/v2\/posts"}],"about":[{"href":"https:\/\/piandiboit.it\/index.php\/wp-json\/wp\/v2\/types\/post"}],"author":[{"embeddable":true,"href":"https:\/\/piandiboit.it\/index.php\/wp-json\/wp\/v2\/users\/3"}],"replies":[{"embeddable":true,"href":"https:\/\/piandiboit.it\/index.php\/wp-json\/wp\/v2\/comments?post=15708"}],"version-history":[{"count":4,"href":"https:\/\/piandiboit.it\/index.php\/wp-json\/wp\/v2\/posts\/15708\/revisions"}],"predecessor-version":[{"id":15722,"href":"https:\/\/piandiboit.it\/index.php\/wp-json\/wp\/v2\/posts\/15708\/revisions\/15722"}],"wp:featuredmedia":[{"embeddable":true,"href":"https:\/\/piandiboit.it\/index.php\/wp-json\/wp\/v2\/media\/15709"}],"wp:attachment":[{"href":"https:\/\/piandiboit.it\/index.php\/wp-json\/wp\/v2\/media?parent=15708"}],"wp:term":[{"taxonomy":"category","embeddable":true,"href":"https:\/\/piandiboit.it\/index.php\/wp-json\/wp\/v2\/categories?post=15708"},{"taxonomy":"post_tag","embeddable":true,"href":"https:\/\/piandiboit.it\/index.php\/wp-json\/wp\/v2\/tags?post=15708"}],"curies":[{"name":"wp","href":"https:\/\/api.w.org\/{rel}","templated":true}]}}